{"id":3888,"date":"2019-07-15T20:15:01","date_gmt":"2019-07-15T23:15:01","guid":{"rendered":"http:\/\/www.elfirmamento.com.ar\/?p=3888"},"modified":"2019-07-15T20:19:23","modified_gmt":"2019-07-15T23:19:23","slug":"eclipse-lunar","status":"publish","type":"post","link":"http:\/\/www.elfirmamento.com.ar\/?p=3888","title":{"rendered":"Eclipse Lunar"},"content":{"rendered":"\n<p><br>La Municipalidad de Las Heras en conjunto con El Firmamento invitan a todos aquellos interesados al evento denominado Eclipse Lunar.<\/p>\n\n\n\n<p><strong>ACTIVIDAD<\/strong><br>Martes 16 de julio de 2019.<\/p>\n\n\n\n<p><strong>Horario<\/strong>: <strong>18 horas<\/strong> .<\/p>\n\n\n\n<p><strong>Lugar<\/strong>: El Challao &#8211; Informador Tur\u00edstico (Av. Champagnat y rotonda Regalado Olgu\u00edn) &#8211; Las Heras.<\/p>\n\n\n\n<p><strong>Duraci\u00f3n<\/strong>: 2 hora aprox.<\/p>\n\n\n\n<p>Importante<\/p>\n\n\n\n<ul><li>Asistir con calzado y ropa abrigada (en \u00e9pocas invernales o baja temperatura).<\/li><li>Se recomienda llevar manta o colchoneta para recostarse en el suelo y disfrutar mejor del cielo.<\/li><li>Se sugiere llevar vianda o refrigerios, aquellos que deseen pueden llevar sus sillas o banquetas.<\/li><li>La actividad se suspende en caso de mal tiempo.<\/li><\/ul>\n\n\n\n<p><strong>Edad<\/strong>: para todas las edades.<\/p>\n\n\n\n<p><strong>Inscripci\u00f3n<\/strong>: actividad libre y gratuita &#8211; no requiere inscripci\u00f3n.<\/p>\n\n\n\n<p>Horario del Eclipse Lunar:<\/p>\n\n\n\n<ul><li>Salida Eclipsada: 18:41hs<\/li><li>Fin Umbra: 19:59hs<\/li><li>Fin Eclipse: 21:17hs<\/li><\/ul>\n\n\n\n<p>El martes 16 de julio se producir\u00e1 en todo Am\u00e9rica un Eclipse parcial de Luna que iniciar\u00e1 con la salida de la Luna eclipsada sobre el horizonte Este a las 18:41hs.<\/p>\n\n\n\n<p>Habr\u00e1  una charla dada por el Fundador de El Firmamento Walter Garc\u00eda para conocer sobre el presente evento, como se produce, cu\u00e1ntos eclipses podemos tener en el a\u00f1o entre otros temas. <\/p>\n\n\n\n<p>Tambi\u00e9n nos visitar\u00e1 los Mochileros Astron\u00f3micos, un grupo de Astr\u00f3nomos Venezolanos que viajan de pa\u00eds en pa\u00eds, regi\u00f3n por regi\u00f3n y nos hablar\u00e1n de los 50 a\u00f1os de la llegada del hombre a la Luna (un 16 de julio de 1969 se lanza el cohete Saturno con tres astronautas cuya misi\u00f3n se denomin\u00f3 Apollo 11, siendo su fin el poner un hombre en nuestro sat\u00e9lite natural).<\/p>\n\n\n\n<p>Para observar con toda su magnificencia la Luna, El Firmamento pondra a disposici\u00f3n de los presentes equipos astron\u00f3micos. <\/p>\n\n\n\n<p>Aquellos que tengan equipos (telescopios, binoculares), pueden traerlos.<\/p>\n\n\n\n<p>Se podr\u00e1n llevar una imagen de la Luna eclipsada tomada por sus celulares.<\/p>\n\n\n\n<p><br>Los esperamos.<\/p>\n\n\n\n<p><strong><em>El Firmamento<\/em><\/strong><br>Declarado de Inter\u00e9s Provincial<br>Res. 943 y 945<\/p>\n","protected":false},"excerpt":{"rendered":"<p>La Municipalidad de Las Heras en conjunto con El Firmamento invitan a todos aquellos interesados al evento denominado Eclipse Lunar. ACTIVIDADMartes 16 de julio de 2019. Horario: 18 horas . Lugar: El Challao &#8211; Informador Tur\u00edstico (Av. Champagnat y rotonda Regalado Olgu\u00edn) &#8211; Las Heras. &hellip; <a href=\"http:\/\/www.elfirmamento.com.ar\/?p=3888\" class=\"more-link\"><span>Seguir leyendo<span class=\"screen-reader-text\">Eclipse Lunar<\/span><\/span><\/a><\/p>\n","protected":false},"author":1,"featured_media":0,"comment_status":"closed","ping_status":"closed","sticky":false,"template":"","format":"standard","meta":{"_jetpack_memberships_contains_paid_content":false,"footnotes":"","jetpack_publicize_message":"","jetpack_publicize_feature_enabled":true,"jetpack_social_post_already_shared":false,"jetpack_social_options":{"image_generator_settings":{"template":"highway","enabled":false},"version":2}},"categories":[22,26],"tags":[],"jetpack_publicize_connections":[],"jetpack_sharing_enabled":true,"jetpack_featured_media_url":"","_links":{"self":[{"href":"http:\/\/www.elfirmamento.com.ar\/index.php?rest_route=\/wp\/v2\/posts\/3888"}],"collection":[{"href":"http:\/\/www.elfirmamento.com.ar\/index.php?rest_route=\/wp\/v2\/posts"}],"about":[{"href":"http:\/\/www.elfirmamento.com.ar\/index.php?rest_route=\/wp\/v2\/types\/post"}],"author":[{"embeddable":true,"href":"http:\/\/www.elfirmamento.com.ar\/index.php?rest_route=\/wp\/v2\/users\/1"}],"replies":[{"embeddable":true,"href":"http:\/\/www.elfirmamento.com.ar\/index.php?rest_route=%2Fwp%2Fv2%2Fcomments&post=3888"}],"version-history":[{"count":0,"href":"http:\/\/www.elfirmamento.com.ar\/index.php?rest_route=\/wp\/v2\/posts\/3888\/revisions"}],"wp:attachment":[{"href":"http:\/\/www.elfirmamento.com.ar\/index.php?rest_route=%2Fwp%2Fv2%2Fmedia&parent=3888"}],"wp:term":[{"taxonomy":"category","embeddable":true,"href":"http:\/\/www.elfirmamento.com.ar\/index.php?rest_route=%2Fwp%2Fv2%2Fcategories&post=3888"},{"taxonomy":"post_tag","embeddable":true,"href":"http:\/\/www.elfirmamento.com.ar\/index.php?rest_route=%2Fwp%2Fv2%2Ftags&post=3888"}],"curies":[{"name":"wp","href":"https:\/\/api.w.org\/{rel}","templated":true}]}}