{"id":2025,"date":"2017-01-25T11:15:23","date_gmt":"2017-01-25T14:15:23","guid":{"rendered":"http:\/\/www.elfirmamento.com.ar\/?p=2025"},"modified":"2017-02-15T22:44:15","modified_gmt":"2017-02-16T01:44:15","slug":"eclipse-parcial-de-sol-en-mendoza","status":"publish","type":"post","link":"https:\/\/www.elfirmamento.com.ar\/?p=2025","title":{"rendered":"Eclipse Parcial de Sol en Mendoza"},"content":{"rendered":"<p>El 26 de febrero (domingo), a las 09:20hs local, se producir\u00e1 sobre la provincia de Mendoza, un Eclipse Parcial de Sol. La luna se interpondr\u00e1 entre el Sol y la Tierra ocult\u00e1ndola parcialmente, ofreci\u00e9ndonos un espect\u00e1culo maravillos, pocas veces vivido. El Sol estar\u00e1 elevado unos 23\u00b0 aprox. del horizonte Este.<\/p>\n<p>La \u00f3rbita de la Luna es el\u00edptica, ubic\u00e1ndose nuestro planeta no en el centro del mismo. Esto hace que nuestro sat\u00e9lite no mantenga la misma distancia con respecto a la Tierra.<\/p>\n<p>Este 26, la Luna se ubica a unos 380 mil kil\u00f3metros no siendo el punto m\u00e1s cercano (perigeo); por lo lo cual se producir\u00e1 un Eclipse Anular (la Luna llega a ocultar una zona cuyo centro coincide con el del disco solar, dejando visible una corona o anillo). Este evento (Eclipse Anular) solo ser\u00e1 visible en la Provincia de Chubut; el resto lo apreciar\u00e1 como Eclipse Parcial.<\/p>\n<p>El Eclipse Parcial podr\u00e1 ser visto en Am\u00e9rica del Sur en Per\u00fa, Chile, Bolivia, Paraguay, Brasil, Argentina, Uruguay y una gran regi\u00f3n de la Ant\u00e1rtida (Incluida la Ant\u00e1rtida Argentina). Tambi\u00e9n ser\u00e1 visible en gran p\u00e1rte del Africa (Este, Centro y Sur).<\/p>\n<p>Para observar el evento se requiere tener ciertas precauciones. El Firmamento realizar\u00e1 una actividad en la Ciudad de Mendoza utilizando equipos y filtros especiales para la observaci\u00f3n:<\/p>\n<ul>\n<li>Nunca observar directo al Sol.<\/li>\n<li>Utilizar filtro Baader si se posee telescopio o binocular.<\/li>\n<li>Que haya una persona id\u00f3nea cerca.<\/li>\n<li>Observar v\u00eda t\u00e9cnica de Proyecci\u00f3n (ideal para equipos -telescopios- refractores).<\/li>\n<\/ul>\n<p><strong>El no contar con los instrumentos adecuados pueden caursar hasta la seguera permanente.<\/strong><\/p>\n<p>El Firmamento junto con la Municipalidad de la Ciudad de Mendoza, pondr\u00e1n equipos\u00a0en la explanada del Parque Independencia para la observaci\u00f3n del evento.<\/p>\n<p>Horario Eclipse Parcial Mendoza-Argentina<\/p>\n<p>09:20hs Inicio<br \/>\n10:37hs C\u00falmine<br \/>\n11:54hs Final<\/p>\n<p>&nbsp;<\/p>\n<p><a href=\"http:\/\/www.elfirmamento.com.ar\/wp-content\/uploads\/2017\/01\/Eclipse_Solar_Anular._26.02.2017_-_Argentina.png\" rel=\"attachment wp-att-2026\"><img fetchpriority=\"high\" decoding=\"async\" class=\"alignnone size-full wp-image-2026\" src=\"http:\/\/www.elfirmamento.com.ar\/wp-content\/uploads\/2017\/01\/Eclipse_Solar_Anular._26.02.2017_-_Argentina.png\" alt=\"Eclipse_Solar_Anular._26.02.2017_-_Argentina\" width=\"1706\" height=\"894\" srcset=\"https:\/\/www.elfirmamento.com.ar\/wp-content\/uploads\/2017\/01\/Eclipse_Solar_Anular._26.02.2017_-_Argentina.png 1200w, https:\/\/www.elfirmamento.com.ar\/wp-content\/uploads\/2017\/01\/Eclipse_Solar_Anular._26.02.2017_-_Argentina-300x157.png 300w, https:\/\/www.elfirmamento.com.ar\/wp-content\/uploads\/2017\/01\/Eclipse_Solar_Anular._26.02.2017_-_Argentina-768x402.png 768w, https:\/\/www.elfirmamento.com.ar\/wp-content\/uploads\/2017\/01\/Eclipse_Solar_Anular._26.02.2017_-_Argentina-1024x537.png 1024w\" sizes=\"(max-width: 1706px) 100vw, 1706px\" \/><\/a><\/p>\n<p>&nbsp;<\/p>\n<p><a href=\"http:\/\/www.elfirmamento.com.ar\/wp-content\/uploads\/2017\/01\/eclipse-solar-26feb.jpg\" rel=\"attachment wp-att-2028\"><img decoding=\"async\" class=\"size-full wp-image-2028 aligncenter\" src=\"http:\/\/www.elfirmamento.com.ar\/wp-content\/uploads\/2017\/01\/eclipse-solar-26feb.jpg\" alt=\"eclipse solar 26feb\" width=\"569\" height=\"732\" srcset=\"https:\/\/www.elfirmamento.com.ar\/wp-content\/uploads\/2017\/01\/eclipse-solar-26feb.jpg 569w, https:\/\/www.elfirmamento.com.ar\/wp-content\/uploads\/2017\/01\/eclipse-solar-26feb-233x300.jpg 233w\" sizes=\"(max-width: 569px) 100vw, 569px\" \/><\/a>[Best_Wordpress_Gallery id=\u00bb22&#8243; gal_title=\u00bbEclipse Parcial Sol feb2017&#8243;]<\/p>\n","protected":false},"excerpt":{"rendered":"<p>El 26 de febrero (domingo), a las 09:20hs local, se producir\u00e1 sobre la provincia de Mendoza, un Eclipse Parcial de Sol. La luna se interpondr\u00e1 entre el Sol y la Tierra ocult\u00e1ndola parcialmente, ofreci\u00e9ndonos un espect\u00e1culo maravillos, pocas veces vivido. El Sol estar\u00e1 elevado unos &hellip; <a href=\"https:\/\/www.elfirmamento.com.ar\/?p=2025\" class=\"more-link\"><span>Seguir leyendo<span class=\"screen-reader-text\">Eclipse Parcial de Sol en Mendoza<\/span><\/span><\/a><\/p>\n","protected":false},"author":1,"featured_media":2027,"comment_status":"closed","ping_status":"open","sticky":false,"template":"","format":"standard","meta":{"_jetpack_memberships_contains_paid_content":false,"footnotes":"","jetpack_publicize_message":"","jetpack_publicize_feature_enabled":true,"jetpack_social_post_already_shared":false,"jetpack_social_options":{"image_generator_settings":{"template":"highway","enabled":false},"version":2}},"categories":[22,26,6],"tags":[],"jetpack_publicize_connections":[],"jetpack_sharing_enabled":true,"jetpack_featured_media_url":"https:\/\/www.elfirmamento.com.ar\/wp-content\/uploads\/2017\/01\/tapa-2.jpg","_links":{"self":[{"href":"https:\/\/www.elfirmamento.com.ar\/index.php?rest_route=\/wp\/v2\/posts\/2025"}],"collection":[{"href":"https:\/\/www.elfirmamento.com.ar\/index.php?rest_route=\/wp\/v2\/posts"}],"about":[{"href":"https:\/\/www.elfirmamento.com.ar\/index.php?rest_route=\/wp\/v2\/types\/post"}],"author":[{"embeddable":true,"href":"https:\/\/www.elfirmamento.com.ar\/index.php?rest_route=\/wp\/v2\/users\/1"}],"replies":[{"embeddable":true,"href":"https:\/\/www.elfirmamento.com.ar\/index.php?rest_route=%2Fwp%2Fv2%2Fcomments&post=2025"}],"version-history":[{"count":0,"href":"https:\/\/www.elfirmamento.com.ar\/index.php?rest_route=\/wp\/v2\/posts\/2025\/revisions"}],"wp:featuredmedia":[{"embeddable":true,"href":"https:\/\/www.elfirmamento.com.ar\/index.php?rest_route=\/wp\/v2\/media\/2027"}],"wp:attachment":[{"href":"https:\/\/www.elfirmamento.com.ar\/index.php?rest_route=%2Fwp%2Fv2%2Fmedia&parent=2025"}],"wp:term":[{"taxonomy":"category","embeddable":true,"href":"https:\/\/www.elfirmamento.com.ar\/index.php?rest_route=%2Fwp%2Fv2%2Fcategories&post=2025"},{"taxonomy":"post_tag","embeddable":true,"href":"https:\/\/www.elfirmamento.com.ar\/index.php?rest_route=%2Fwp%2Fv2%2Ftags&post=2025"}],"curies":[{"name":"wp","href":"https:\/\/api.w.org\/{rel}","templated":true}]}}